{"id":24039,"date":"2025-09-23T20:39:32","date_gmt":"2025-09-23T20:39:32","guid":{"rendered":"https:\/\/casaruralensierraespadan.es\/?p=24039"},"modified":"2026-04-06T11:23:56","modified_gmt":"2026-04-06T11:23:56","slug":"que-hacer-en-2-dias","status":"publish","type":"post","link":"https:\/\/casaruralensierraespadan.es\/index.php\/2025\/09\/23\/que-hacer-en-2-dias\/","title":{"rendered":"Qu\u00e9 hacer en 2 d\u00edas"},"content":{"rendered":"<p>[et_pb_section admin_label=\u00bbsection\u00bb]<br \/>\n\t\t\t[et_pb_row admin_label=\u00bbrow\u00bb]<br \/>\n\t\t\t\t[et_pb_column type=\u00bb4_4&#8243;][et_pb_text admin_label=\u00bbText\u00bb]<img loading=\"lazy\" decoding=\"async\" class=\"alignnone size-medium wp-image-23603\" src=\"https:\/\/casaruralensierraespadan.es\/wp-content\/uploads\/2024\/04\/26-EXT-300x225.jpg\" alt=\"\" width=\"300\" height=\"225\" \/><\/p>\n<p>https:\/\/www.comunitatvalenciana.com\/va\/itineraris\/alcudia-de-veo-en-2-dies[\/et_pb_text][\/et_pb_column]<br \/>\n\t\t\t[\/et_pb_row]<br \/>\n\t\t[\/et_pb_section]<\/p>\n","protected":false},"excerpt":{"rendered":"<p>https:\/\/www.comunitatvalenciana.com\/va\/itineraris\/alcudia-de-veo-en-2-dies<\/p>\n","protected":false},"author":2,"featured_media":0,"comment_status":"closed","ping_status":"closed","sticky":false,"template":"","format":"video","meta":{"_et_pb_use_builder":"on","_et_pb_old_content":"<img class=\"alignnone size-medium wp-image-23603\" src=\"https:\/\/casaruralensierraespadan.es\/wp-content\/uploads\/2024\/04\/26-EXT-300x225.jpg\" alt=\"\" width=\"300\" height=\"225\" \/>\r\n\r\nhttps:\/\/www.comunitatvalenciana.com\/va\/itineraris\/alcudia-de-veo-en-2-dies","_et_gb_content_width":"","_joinchat":[],"footnotes":""},"categories":[1],"tags":[],"class_list":["post-24039","post","type-post","status-publish","format-video","hentry","category-casa-rural-la-senora","post_format-post-format-video"],"yoast_head":"<!-- This site is optimized with the Yoast SEO plugin v27.5 - https:\/\/yoast.com\/product\/yoast-seo-wordpress\/ -->\n<title>Qu\u00e9 hacer en 2 d\u00edas - CASA RURAL EN SIERRA DE ESPADAN<\/title>\n<meta name=\"description\" content=\"Si tan s\u00f3lo tienes 2 d\u00edas para visitar nuestra zona, no te pierdas nada y pincha en el v\u00eddeo para aprovechar al m\u00e1ximo tu estancia.\" \/>\n<meta name=\"robots\" content=\"index, follow, max-snippet:-1, max-image-preview:large, max-video-preview:-1\" \/>\n<link rel=\"canonical\" href=\"https:\/\/casaruralensierraespadan.es\/index.php\/2025\/09\/23\/que-hacer-en-2-dias\/\" \/>\n<meta property=\"og:locale\" content=\"es_ES\" \/>\n<meta property=\"og:type\" content=\"article\" \/>\n<meta property=\"og:title\" content=\"Qu\u00e9 hacer en 2 d\u00edas - CASA RURAL EN SIERRA DE ESPADAN\" \/>\n<meta property=\"og:description\" content=\"Si tan s\u00f3lo tienes 2 d\u00edas para visitar nuestra zona, no te pierdas nada y pincha en el v\u00eddeo para aprovechar al m\u00e1ximo tu estancia.\" \/>\n<meta property=\"og:url\" content=\"https:\/\/casaruralensierraespadan.es\/index.php\/2025\/09\/23\/que-hacer-en-2-dias\/\" \/>\n<meta property=\"og:site_name\" content=\"CASA RURAL EN SIERRA DE ESPADAN\" \/>\n<meta property=\"article:published_time\" content=\"2025-09-23T20:39:32+00:00\" \/>\n<meta property=\"article:modified_time\" content=\"2026-04-06T11:23:56+00:00\" \/>\n<meta property=\"og:image\" content=\"https:\/\/casaruralensierraespadan.es\/wp-content\/uploads\/2024\/04\/26-EXT.jpg\" \/>\n\t<meta property=\"og:image:width\" content=\"1440\" \/>\n\t<meta property=\"og:image:height\" content=\"1080\" \/>\n\t<meta property=\"og:image:type\" content=\"image\/jpeg\" \/>\n<meta name=\"author\" content=\"ADMINcasarural\" \/>\n<meta name=\"twitter:card\" content=\"summary_large_image\" \/>\n<meta name=\"twitter:label1\" content=\"Escrito por\" \/>\n\t<meta name=\"twitter:data1\" content=\"ADMINcasarural\" \/>\n\t<meta name=\"twitter:label2\" content=\"Tiempo de lectura\" \/>\n\t<meta name=\"twitter:data2\" content=\"1 minuto\" \/>\n<script type=\"application\/ld+json\" class=\"yoast-schema-graph\">{\"@context\":\"https:\\\/\\\/schema.org\",\"@graph\":[{\"@type\":\"Article\",\"@id\":\"https:\\\/\\\/casaruralensierraespadan.es\\\/index.php\\\/2025\\\/09\\\/23\\\/que-hacer-en-2-dias\\\/#article\",\"isPartOf\":{\"@id\":\"https:\\\/\\\/casaruralensierraespadan.es\\\/index.php\\\/2025\\\/09\\\/23\\\/que-hacer-en-2-dias\\\/\"},\"author\":{\"name\":\"ADMINcasarural\",\"@id\":\"https:\\\/\\\/casaruralensierraespadan.es\\\/#\\\/schema\\\/person\\\/9da184149f5248a50503e74953b88c25\"},\"headline\":\"Qu\u00e9 hacer en 2 d\u00edas\",\"datePublished\":\"2025-09-23T20:39:32+00:00\",\"dateModified\":\"2026-04-06T11:23:56+00:00\",\"mainEntityOfPage\":{\"@id\":\"https:\\\/\\\/casaruralensierraespadan.es\\\/index.php\\\/2025\\\/09\\\/23\\\/que-hacer-en-2-dias\\\/\"},\"wordCount\":47,\"image\":{\"@id\":\"https:\\\/\\\/casaruralensierraespadan.es\\\/index.php\\\/2025\\\/09\\\/23\\\/que-hacer-en-2-dias\\\/#primaryimage\"},\"thumbnailUrl\":\"https:\\\/\\\/casaruralensierraespadan.es\\\/wp-content\\\/uploads\\\/2024\\\/04\\\/26-EXT-300x225.jpg\",\"articleSection\":[\"Casa Rural la Se\u00f1ora\"],\"inLanguage\":\"es\"},{\"@type\":\"WebPage\",\"@id\":\"https:\\\/\\\/casaruralensierraespadan.es\\\/index.php\\\/2025\\\/09\\\/23\\\/que-hacer-en-2-dias\\\/\",\"url\":\"https:\\\/\\\/casaruralensierraespadan.es\\\/index.php\\\/2025\\\/09\\\/23\\\/que-hacer-en-2-dias\\\/\",\"name\":\"Qu\u00e9 hacer en 2 d\u00edas - CASA RURAL EN SIERRA DE ESPADAN\",\"isPartOf\":{\"@id\":\"https:\\\/\\\/casaruralensierraespadan.es\\\/#website\"},\"primaryImageOfPage\":{\"@id\":\"https:\\\/\\\/casaruralensierraespadan.es\\\/index.php\\\/2025\\\/09\\\/23\\\/que-hacer-en-2-dias\\\/#primaryimage\"},\"image\":{\"@id\":\"https:\\\/\\\/casaruralensierraespadan.es\\\/index.php\\\/2025\\\/09\\\/23\\\/que-hacer-en-2-dias\\\/#primaryimage\"},\"thumbnailUrl\":\"https:\\\/\\\/casaruralensierraespadan.es\\\/wp-content\\\/uploads\\\/2024\\\/04\\\/26-EXT-300x225.jpg\",\"datePublished\":\"2025-09-23T20:39:32+00:00\",\"dateModified\":\"2026-04-06T11:23:56+00:00\",\"author\":{\"@id\":\"https:\\\/\\\/casaruralensierraespadan.es\\\/#\\\/schema\\\/person\\\/9da184149f5248a50503e74953b88c25\"},\"description\":\"Si tan s\u00f3lo tienes 2 d\u00edas para visitar nuestra zona, no te pierdas nada y pincha en el v\u00eddeo para aprovechar al m\u00e1ximo tu estancia.\",\"breadcrumb\":{\"@id\":\"https:\\\/\\\/casaruralensierraespadan.es\\\/index.php\\\/2025\\\/09\\\/23\\\/que-hacer-en-2-dias\\\/#breadcrumb\"},\"inLanguage\":\"es\",\"potentialAction\":[{\"@type\":\"ReadAction\",\"target\":[\"https:\\\/\\\/casaruralensierraespadan.es\\\/index.php\\\/2025\\\/09\\\/23\\\/que-hacer-en-2-dias\\\/\"]}]},{\"@type\":\"ImageObject\",\"inLanguage\":\"es\",\"@id\":\"https:\\\/\\\/casaruralensierraespadan.es\\\/index.php\\\/2025\\\/09\\\/23\\\/que-hacer-en-2-dias\\\/#primaryimage\",\"url\":\"https:\\\/\\\/casaruralensierraespadan.es\\\/wp-content\\\/uploads\\\/2024\\\/04\\\/26-EXT.jpg\",\"contentUrl\":\"https:\\\/\\\/casaruralensierraespadan.es\\\/wp-content\\\/uploads\\\/2024\\\/04\\\/26-EXT.jpg\",\"width\":1440,\"height\":1080},{\"@type\":\"BreadcrumbList\",\"@id\":\"https:\\\/\\\/casaruralensierraespadan.es\\\/index.php\\\/2025\\\/09\\\/23\\\/que-hacer-en-2-dias\\\/#breadcrumb\",\"itemListElement\":[{\"@type\":\"ListItem\",\"position\":1,\"name\":\"Portada\",\"item\":\"https:\\\/\\\/casaruralensierraespadan.es\\\/\"},{\"@type\":\"ListItem\",\"position\":2,\"name\":\"Qu\u00e9 hacer en 2 d\u00edas\"}]},{\"@type\":\"WebSite\",\"@id\":\"https:\\\/\\\/casaruralensierraespadan.es\\\/#website\",\"url\":\"https:\\\/\\\/casaruralensierraespadan.es\\\/\",\"name\":\"CASA RURAL EN SIERRA DE ESPADAN\",\"description\":\"La Se\u00f1ora, excepcional casa a pie de monta\u00f1a  Un alojamiento acogedor, donde disfrutar\u00e1s de todas las comodidades durante tu escapada rural en Sierra de Espadan, Castell\u00f3n, con una amplia gama de posibilidades para atender todas tus necesidades\u2026 \u00abLa naturaleza ser\u00e1 tu compa\u00f1era durante tu estancia, aprovecha cada momento libre para sumergirte entre las monta\u00f1as, explorar sus bosques, senderos y maravillarte con su vegetaci\u00f3n, flora y fauna. Vive las sensaciones que te brinda en cada estaci\u00f3n del a\u00f1o, dej\u00e1ndote envolver por su magia.\u00bb  En Casa Rural La Se\u00f1ora\",\"potentialAction\":[{\"@type\":\"SearchAction\",\"target\":{\"@type\":\"EntryPoint\",\"urlTemplate\":\"https:\\\/\\\/casaruralensierraespadan.es\\\/?s={search_term_string}\"},\"query-input\":{\"@type\":\"PropertyValueSpecification\",\"valueRequired\":true,\"valueName\":\"search_term_string\"}}],\"inLanguage\":\"es\"},{\"@type\":\"Person\",\"@id\":\"https:\\\/\\\/casaruralensierraespadan.es\\\/#\\\/schema\\\/person\\\/9da184149f5248a50503e74953b88c25\",\"name\":\"ADMINcasarural\",\"image\":{\"@type\":\"ImageObject\",\"inLanguage\":\"es\",\"@id\":\"https:\\\/\\\/casaruralensierraespadan.es\\\/wp-content\\\/litespeed\\\/avatar\\\/eaa8d5541166c8b5890dfcc9c4e32c5e.jpg?ver=1777639509\",\"url\":\"https:\\\/\\\/casaruralensierraespadan.es\\\/wp-content\\\/litespeed\\\/avatar\\\/eaa8d5541166c8b5890dfcc9c4e32c5e.jpg?ver=1777639509\",\"contentUrl\":\"https:\\\/\\\/casaruralensierraespadan.es\\\/wp-content\\\/litespeed\\\/avatar\\\/eaa8d5541166c8b5890dfcc9c4e32c5e.jpg?ver=1777639509\",\"caption\":\"ADMINcasarural\"},\"sameAs\":[\"https:\\\/\\\/casaruralensierraespadan.es\"],\"url\":\"https:\\\/\\\/casaruralensierraespadan.es\\\/index.php\\\/author\\\/admincasarural\\\/\"}]}<\/script>\n<!-- \/ Yoast SEO plugin. -->","yoast_head_json":{"title":"Qu\u00e9 hacer en 2 d\u00edas - CASA RURAL EN SIERRA DE ESPADAN","description":"Si tan s\u00f3lo tienes 2 d\u00edas para visitar nuestra zona, no te pierdas nada y pincha en el v\u00eddeo para aprovechar al m\u00e1ximo tu estancia.","robots":{"index":"index","follow":"follow","max-snippet":"max-snippet:-1","max-image-preview":"max-image-preview:large","max-video-preview":"max-video-preview:-1"},"canonical":"https:\/\/casaruralensierraespadan.es\/index.php\/2025\/09\/23\/que-hacer-en-2-dias\/","og_locale":"es_ES","og_type":"article","og_title":"Qu\u00e9 hacer en 2 d\u00edas - CASA RURAL EN SIERRA DE ESPADAN","og_description":"Si tan s\u00f3lo tienes 2 d\u00edas para visitar nuestra zona, no te pierdas nada y pincha en el v\u00eddeo para aprovechar al m\u00e1ximo tu estancia.","og_url":"https:\/\/casaruralensierraespadan.es\/index.php\/2025\/09\/23\/que-hacer-en-2-dias\/","og_site_name":"CASA RURAL EN SIERRA DE ESPADAN","article_published_time":"2025-09-23T20:39:32+00:00","article_modified_time":"2026-04-06T11:23:56+00:00","og_image":[{"width":1440,"height":1080,"url":"https:\/\/casaruralensierraespadan.es\/wp-content\/uploads\/2024\/04\/26-EXT.jpg","type":"image\/jpeg"}],"author":"ADMINcasarural","twitter_card":"summary_large_image","twitter_misc":{"Escrito por":"ADMINcasarural","Tiempo de lectura":"1 minuto"},"schema":{"@context":"https:\/\/schema.org","@graph":[{"@type":"Article","@id":"https:\/\/casaruralensierraespadan.es\/index.php\/2025\/09\/23\/que-hacer-en-2-dias\/#article","isPartOf":{"@id":"https:\/\/casaruralensierraespadan.es\/index.php\/2025\/09\/23\/que-hacer-en-2-dias\/"},"author":{"name":"ADMINcasarural","@id":"https:\/\/casaruralensierraespadan.es\/#\/schema\/person\/9da184149f5248a50503e74953b88c25"},"headline":"Qu\u00e9 hacer en 2 d\u00edas","datePublished":"2025-09-23T20:39:32+00:00","dateModified":"2026-04-06T11:23:56+00:00","mainEntityOfPage":{"@id":"https:\/\/casaruralensierraespadan.es\/index.php\/2025\/09\/23\/que-hacer-en-2-dias\/"},"wordCount":47,"image":{"@id":"https:\/\/casaruralensierraespadan.es\/index.php\/2025\/09\/23\/que-hacer-en-2-dias\/#primaryimage"},"thumbnailUrl":"https:\/\/casaruralensierraespadan.es\/wp-content\/uploads\/2024\/04\/26-EXT-300x225.jpg","articleSection":["Casa Rural la Se\u00f1ora"],"inLanguage":"es"},{"@type":"WebPage","@id":"https:\/\/casaruralensierraespadan.es\/index.php\/2025\/09\/23\/que-hacer-en-2-dias\/","url":"https:\/\/casaruralensierraespadan.es\/index.php\/2025\/09\/23\/que-hacer-en-2-dias\/","name":"Qu\u00e9 hacer en 2 d\u00edas - CASA RURAL EN SIERRA DE ESPADAN","isPartOf":{"@id":"https:\/\/casaruralensierraespadan.es\/#website"},"primaryImageOfPage":{"@id":"https:\/\/casaruralensierraespadan.es\/index.php\/2025\/09\/23\/que-hacer-en-2-dias\/#primaryimage"},"image":{"@id":"https:\/\/casaruralensierraespadan.es\/index.php\/2025\/09\/23\/que-hacer-en-2-dias\/#primaryimage"},"thumbnailUrl":"https:\/\/casaruralensierraespadan.es\/wp-content\/uploads\/2024\/04\/26-EXT-300x225.jpg","datePublished":"2025-09-23T20:39:32+00:00","dateModified":"2026-04-06T11:23:56+00:00","author":{"@id":"https:\/\/casaruralensierraespadan.es\/#\/schema\/person\/9da184149f5248a50503e74953b88c25"},"description":"Si tan s\u00f3lo tienes 2 d\u00edas para visitar nuestra zona, no te pierdas nada y pincha en el v\u00eddeo para aprovechar al m\u00e1ximo tu estancia.","breadcrumb":{"@id":"https:\/\/casaruralensierraespadan.es\/index.php\/2025\/09\/23\/que-hacer-en-2-dias\/#breadcrumb"},"inLanguage":"es","potentialAction":[{"@type":"ReadAction","target":["https:\/\/casaruralensierraespadan.es\/index.php\/2025\/09\/23\/que-hacer-en-2-dias\/"]}]},{"@type":"ImageObject","inLanguage":"es","@id":"https:\/\/casaruralensierraespadan.es\/index.php\/2025\/09\/23\/que-hacer-en-2-dias\/#primaryimage","url":"https:\/\/casaruralensierraespadan.es\/wp-content\/uploads\/2024\/04\/26-EXT.jpg","contentUrl":"https:\/\/casaruralensierraespadan.es\/wp-content\/uploads\/2024\/04\/26-EXT.jpg","width":1440,"height":1080},{"@type":"BreadcrumbList","@id":"https:\/\/casaruralensierraespadan.es\/index.php\/2025\/09\/23\/que-hacer-en-2-dias\/#breadcrumb","itemListElement":[{"@type":"ListItem","position":1,"name":"Portada","item":"https:\/\/casaruralensierraespadan.es\/"},{"@type":"ListItem","position":2,"name":"Qu\u00e9 hacer en 2 d\u00edas"}]},{"@type":"WebSite","@id":"https:\/\/casaruralensierraespadan.es\/#website","url":"https:\/\/casaruralensierraespadan.es\/","name":"CASA RURAL EN SIERRA DE ESPADAN","description":"La Se\u00f1ora, excepcional casa a pie de monta\u00f1a  Un alojamiento acogedor, donde disfrutar\u00e1s de todas las comodidades durante tu escapada rural en Sierra de Espadan, Castell\u00f3n, con una amplia gama de posibilidades para atender todas tus necesidades\u2026 \u00abLa naturaleza ser\u00e1 tu compa\u00f1era durante tu estancia, aprovecha cada momento libre para sumergirte entre las monta\u00f1as, explorar sus bosques, senderos y maravillarte con su vegetaci\u00f3n, flora y fauna. Vive las sensaciones que te brinda en cada estaci\u00f3n del a\u00f1o, dej\u00e1ndote envolver por su magia.\u00bb  En Casa Rural La Se\u00f1ora","potentialAction":[{"@type":"SearchAction","target":{"@type":"EntryPoint","urlTemplate":"https:\/\/casaruralensierraespadan.es\/?s={search_term_string}"},"query-input":{"@type":"PropertyValueSpecification","valueRequired":true,"valueName":"search_term_string"}}],"inLanguage":"es"},{"@type":"Person","@id":"https:\/\/casaruralensierraespadan.es\/#\/schema\/person\/9da184149f5248a50503e74953b88c25","name":"ADMINcasarural","image":{"@type":"ImageObject","inLanguage":"es","@id":"https:\/\/casaruralensierraespadan.es\/wp-content\/litespeed\/avatar\/eaa8d5541166c8b5890dfcc9c4e32c5e.jpg?ver=1777639509","url":"https:\/\/casaruralensierraespadan.es\/wp-content\/litespeed\/avatar\/eaa8d5541166c8b5890dfcc9c4e32c5e.jpg?ver=1777639509","contentUrl":"https:\/\/casaruralensierraespadan.es\/wp-content\/litespeed\/avatar\/eaa8d5541166c8b5890dfcc9c4e32c5e.jpg?ver=1777639509","caption":"ADMINcasarural"},"sameAs":["https:\/\/casaruralensierraespadan.es"],"url":"https:\/\/casaruralensierraespadan.es\/index.php\/author\/admincasarural\/"}]}},"_links":{"self":[{"href":"https:\/\/casaruralensierraespadan.es\/index.php\/wp-json\/wp\/v2\/posts\/24039","targetHints":{"allow":["GET"]}}],"collection":[{"href":"https:\/\/casaruralensierraespadan.es\/index.php\/wp-json\/wp\/v2\/posts"}],"about":[{"href":"https:\/\/casaruralensierraespadan.es\/index.php\/wp-json\/wp\/v2\/types\/post"}],"author":[{"embeddable":true,"href":"https:\/\/casaruralensierraespadan.es\/index.php\/wp-json\/wp\/v2\/users\/2"}],"replies":[{"embeddable":true,"href":"https:\/\/casaruralensierraespadan.es\/index.php\/wp-json\/wp\/v2\/comments?post=24039"}],"version-history":[{"count":0,"href":"https:\/\/casaruralensierraespadan.es\/index.php\/wp-json\/wp\/v2\/posts\/24039\/revisions"}],"wp:attachment":[{"href":"https:\/\/casaruralensierraespadan.es\/index.php\/wp-json\/wp\/v2\/media?parent=24039"}],"wp:term":[{"taxonomy":"category","embeddable":true,"href":"https:\/\/casaruralensierraespadan.es\/index.php\/wp-json\/wp\/v2\/categories?post=24039"},{"taxonomy":"post_tag","embeddable":true,"href":"https:\/\/casaruralensierraespadan.es\/index.php\/wp-json\/wp\/v2\/tags?post=24039"}],"curies":[{"name":"wp","href":"https:\/\/api.w.org\/{rel}","templated":true}]}}