{"id":23715,"date":"2024-04-25T18:02:31","date_gmt":"2024-04-25T18:02:31","guid":{"rendered":"https:\/\/casaruralensierraespadan.es\/?p=23715"},"modified":"2024-10-03T22:51:24","modified_gmt":"2024-10-03T22:51:24","slug":"parque-natural-sierra-de-espadan","status":"publish","type":"post","link":"https:\/\/casaruralensierraespadan.es\/index.php\/2024\/04\/25\/parque-natural-sierra-de-espadan\/","title":{"rendered":"Parque Natural Sierra de Espad\u00e1n"},"content":{"rendered":"<p>[et_pb_section fb_built=\u00bb1&#8243; custom_padding_last_edited=\u00bbon|phone\u00bb _builder_version=\u00bb4.25.0&#8243; _module_preset=\u00bbdefault\u00bb background_enable_color=\u00bboff\u00bb custom_margin=\u00bb0px||0px||false|false\u00bb custom_padding=\u00bb58px||22px||false|false\u00bb custom_padding_tablet=\u00bb135px||135px||false|false\u00bb custom_padding_phone=\u00bb61px||0px||false|false\u00bb locked=\u00bboff\u00bb global_colors_info=\u00bb{}\u00bb][et_pb_row _builder_version=\u00bb4.25.0&#8243; _module_preset=\u00bbdefault\u00bb width=\u00bb95%\u00bb width_tablet=\u00bb95%\u00bb width_phone=\u00bb93%\u00bb width_last_edited=\u00bbon|phone\u00bb max_width=\u00bb1064px\u00bb custom_margin=\u00bb0px||0px||false|false\u00bb custom_padding=\u00bb0px||15px||false|false\u00bb animation_style=\u00bbslide\u00bb animation_direction=\u00bbtop\u00bb animation_duration=\u00bb800ms\u00bb animation_intensity_slide=\u00bb10%\u00bb global_colors_info=\u00bb{}\u00bb][et_pb_column type=\u00bb4_4&#8243; _builder_version=\u00bb4.17.4&#8243; _module_preset=\u00bbdefault\u00bb global_colors_info=\u00bb{}\u00bb][et_pb_text _builder_version=\u00bb4.25.0&#8243; _module_preset=\u00bbdefault\u00bb header_2_font=\u00bbAlice||||||||\u00bb header_2_text_align=\u00bbcenter\u00bb header_2_text_color=\u00bb#3e3e3e\u00bb header_2_font_size=\u00bb48px\u00bb header_2_line_height=\u00bb1.2em\u00bb max_width=\u00bb750px\u00bb module_alignment=\u00bbcenter\u00bb custom_margin=\u00bb0px||25px||false|false\u00bb custom_padding=\u00bb0px||0px||false|false\u00bb header_2_font_size_tablet=\u00bb48px\u00bb header_2_font_size_phone=\u00bb30px\u00bb header_2_font_size_last_edited=\u00bbon|phone\u00bb global_colors_info=\u00bb{}\u00bb]<\/p>\n<h2>Top 10 Rutas de la Sierra Espad\u00e1n<\/h2>\n<p>[\/et_pb_text][et_pb_text _builder_version=\u00bb4.25.0&#8243; _module_preset=\u00bbdefault\u00bb text_font=\u00bbNunito||||||||\u00bb text_text_color=\u00bb#3e3e3e\u00bb text_font_size=\u00bb18px\u00bb text_line_height=\u00bb1.4em\u00bb text_orientation=\u00bbcenter\u00bb custom_margin=\u00bb0px||35px||false|false\u00bb custom_padding=\u00bb0px||0px||false|false\u00bb text_font_size_tablet=\u00bb18px\u00bb text_font_size_phone=\u00bb16px\u00bb text_font_size_last_edited=\u00bbon|phone\u00bb global_colors_info=\u00bb{}\u00bb]<\/p>\n<p>El Parque Natural de la Sierra de Espad\u00e1n es un espacio natural protegido espa\u00f1ol situado en la provincia de Castell\u00f3n, en la Comunidad Valenciana.<\/p>\n<p>[\/et_pb_text][\/et_pb_column][\/et_pb_row][\/et_pb_section][et_pb_section fb_built=\u00bb1&#8243; custom_padding_last_edited=\u00bbon|phone\u00bb _builder_version=\u00bb4.25.0&#8243; _module_preset=\u00bbdefault\u00bb background_enable_color=\u00bboff\u00bb custom_margin=\u00bb0px||0px||false|false\u00bb custom_padding=\u00bb7px||42px||false|false\u00bb custom_padding_tablet=\u00bb135px||135px||false|false\u00bb custom_padding_phone=\u00bb80px||80px||false|false\u00bb locked=\u00bboff\u00bb global_colors_info=\u00bb{}\u00bb][et_pb_row column_structure=\u00bb1_2,1_2&#8243; use_custom_gutter=\u00bbon\u00bb gutter_width=\u00bb1&#8243; make_equal=\u00bbon\u00bb _builder_version=\u00bb4.25.0&#8243; _module_preset=\u00bbdefault\u00bb width=\u00bb97%\u00bb width_tablet=\u00bb97%\u00bb width_phone=\u00bb93%\u00bb width_last_edited=\u00bbon|phone\u00bb max_width=\u00bb1064px\u00bb custom_margin=\u00bb0px||0px||false|false\u00bb custom_padding=\u00bb0px||0px||false|false\u00bb global_colors_info=\u00bb{}\u00bb][et_pb_column type=\u00bb1_2&#8243; _builder_version=\u00bb4.17.4&#8243; _module_preset=\u00bbdefault\u00bb custom_padding=\u00bb|50px|||false|false\u00bb custom_padding_tablet=\u00bb|0px|||false|false\u00bb custom_padding_phone=\u00bb|0px|||false|false\u00bb custom_padding_last_edited=\u00bbon|tablet\u00bb global_colors_info=\u00bb{}\u00bb][et_pb_image src=\u00bbhttps:\/\/casaruralensierraespadan.es\/wp-content\/uploads\/2024\/04\/1111.webp\u00bb title_text=\u00bb1111&#8243; _builder_version=\u00bb4.25.0&#8243; _module_preset=\u00bbdefault\u00bb custom_margin=\u00bb0px||0px||false|false\u00bb custom_margin_tablet=\u00bb0px||50px||false|false\u00bb custom_margin_phone=\u00bb0px||50px||false|false\u00bb custom_margin_last_edited=\u00bbon|tablet\u00bb custom_padding=\u00bb0px||0px||false|false\u00bb animation_style=\u00bbslide\u00bb animation_direction=\u00bbtop\u00bb animation_duration=\u00bb800ms\u00bb animation_intensity_slide=\u00bb5%\u00bb global_colors_info=\u00bb{}\u00bb][\/et_pb_image][\/et_pb_column][et_pb_column type=\u00bb1_2&#8243; _builder_version=\u00bb4.17.4&#8243; _module_preset=\u00bbdefault\u00bb custom_padding=\u00bb|||50px|false|false\u00bb custom_padding_tablet=\u00bb|||0px|false|false\u00bb custom_padding_phone=\u00bb|||0px|false|false\u00bb custom_padding_last_edited=\u00bbon|tablet\u00bb animation_style=\u00bbslide\u00bb animation_direction=\u00bbtop\u00bb animation_duration=\u00bb800ms\u00bb animation_delay=\u00bb200ms\u00bb animation_intensity_slide=\u00bb5%\u00bb custom_css_main_element=\u00bbmargin:auto;\u00bb global_colors_info=\u00bb{}\u00bb][et_pb_text _builder_version=\u00bb4.25.0&#8243; _module_preset=\u00bbdefault\u00bb text_font=\u00bbNunito||||||||\u00bb text_font_size=\u00bb16px\u00bb global_colors_info=\u00bb{}\u00bb]<\/p>\n<p>Las mejores 10 rutas de la Sierra Espad\u00e1n \u2013 parque natural en la Comunidad Valenciana. Es un gran lugar para los amantes de senderismo, ya que la zona nos ofrece multitud de rutas para todos los niveles.<br \/>Era muy dif\u00edcil elegir solo diez rutas. De todas formas, aqu\u00ed las mejores:<\/p>\n<p>&nbsp;<\/p>\n<ol>\n<li style=\"text-align: left\">Pico Espad\u00e1n<\/li>\n<li style=\"text-align: left\">Castillo de Castro<\/li>\n<li style=\"text-align: left\">\u00d3rganos de Benitand\u00fas<\/li>\n<li style=\"text-align: left\">Piedras de Cullera<\/li>\n<li style=\"text-align: left\">Barranco Ajuez \/ Nevera de Castro<\/li>\n<li style=\"text-align: left\">Ruta de los Alcornoques<\/li>\n<li style=\"text-align: left\">Pico de la Font de Cabres<\/li>\n<li style=\"text-align: left\">Pe\u00f1a Saganta<\/li>\n<li style=\"text-align: left\">Pico Bellota<\/li>\n<li style=\"text-align: left\">GR-36: Trans-Espad\u00e1n<\/li>\n<\/ol>\n<p>[\/et_pb_text][et_pb_text _builder_version=\u00bb4.25.0&#8243; _module_preset=\u00bbdefault\u00bb text_font=\u00bbNunito||||||||\u00bb text_font_size=\u00bb20px\u00bb text_letter_spacing=\u00bb1px\u00bb link_text_color=\u00bb#202020&#8243; custom_margin=\u00bb0px||0px||false|false\u00bb custom_padding=\u00bb0px||0px||false|false\u00bb text_font_size_tablet=\u00bb18px\u00bb text_font_size_phone=\u00bb16px\u00bb text_font_size_last_edited=\u00bbon|phone\u00bb global_colors_info=\u00bb{}\u00bb]<\/p>\n<p><span style=\"text-decoration: underline\"><a href=\"https:\/\/casaruralensierraespadan.es\/index.php\/producto\/reserva-casa-rural-la-senora\/\" title=\"Reservar\">Reservar<\/a><\/span><\/p>\n<p>[\/et_pb_text][\/et_pb_column][\/et_pb_row][\/et_pb_section][et_pb_section fb_built=\u00bb1&#8243; _builder_version=\u00bb4.25.0&#8243; _module_preset=\u00bbdefault\u00bb custom_padding=\u00bb13px|||||\u00bb global_colors_info=\u00bb{}\u00bb][et_pb_row column_structure=\u00bb1_3,1_3,1_3&#8243; use_custom_gutter=\u00bbon\u00bb gutter_width=\u00bb2&#8243; make_equal=\u00bbon\u00bb _builder_version=\u00bb4.25.0&#8243; _module_preset=\u00bbdefault\u00bb width=\u00bb97%\u00bb width_tablet=\u00bb97%\u00bb width_phone=\u00bb93%\u00bb width_last_edited=\u00bbon|phone\u00bb max_width=\u00bb1064px\u00bb global_colors_info=\u00bb{}\u00bb][et_pb_column type=\u00bb1_3&#8243; _builder_version=\u00bb4.25.0&#8243; _module_preset=\u00bbdefault\u00bb global_colors_info=\u00bb{}\u00bb][et_pb_image src=\u00bbhttps:\/\/casaruralensierraespadan.es\/wp-content\/uploads\/2024\/04\/Picture1.webp\u00bb title_text=\u00bbPicture1&#8243; show_in_lightbox=\u00bbon\u00bb use_overlay=\u00bbon\u00bb overlay_icon_color=\u00bb#E09900&#8243; hover_overlay_color=\u00bbrgba(0,0,0,0.39)\u00bb _builder_version=\u00bb4.25.0&#8243; _module_preset=\u00bbdefault\u00bb global_colors_info=\u00bb{}\u00bb][\/et_pb_image][\/et_pb_column][et_pb_column type=\u00bb1_3&#8243; _builder_version=\u00bb4.25.0&#8243; _module_preset=\u00bbdefault\u00bb global_colors_info=\u00bb{}\u00bb][et_pb_image src=\u00bbhttps:\/\/casaruralensierraespadan.es\/wp-content\/uploads\/2024\/04\/20190224_120129_HDR.webp\u00bb title_text=\u00bb20190224_120129_HDR\u00bb show_in_lightbox=\u00bbon\u00bb use_overlay=\u00bbon\u00bb overlay_icon_color=\u00bb#E09900&#8243; hover_overlay_color=\u00bbrgba(0,0,0,0.39)\u00bb _builder_version=\u00bb4.25.0&#8243; _module_preset=\u00bbdefault\u00bb global_colors_info=\u00bb{}\u00bb][\/et_pb_image][\/et_pb_column][et_pb_column type=\u00bb1_3&#8243; _builder_version=\u00bb4.25.0&#8243; _module_preset=\u00bbdefault\u00bb global_colors_info=\u00bb{}\u00bb][et_pb_image src=\u00bbhttps:\/\/casaruralensierraespadan.es\/wp-content\/uploads\/2024\/04\/20180929_130353_HDR.webp\u00bb title_text=\u00bb20180929_130353_HDR\u00bb show_in_lightbox=\u00bbon\u00bb use_overlay=\u00bbon\u00bb overlay_icon_color=\u00bb#E09900&#8243; hover_overlay_color=\u00bbrgba(0,0,0,0.39)\u00bb _builder_version=\u00bb4.25.0&#8243; _module_preset=\u00bbdefault\u00bb global_colors_info=\u00bb{}\u00bb][\/et_pb_image][\/et_pb_column][\/et_pb_row][et_pb_row column_structure=\u00bb1_2,1_2&#8243; use_custom_gutter=\u00bbon\u00bb gutter_width=\u00bb1&#8243; make_equal=\u00bbon\u00bb _builder_version=\u00bb4.25.0&#8243; _module_preset=\u00bbdefault\u00bb width=\u00bb97%\u00bb width_tablet=\u00bb97%\u00bb width_phone=\u00bb93%\u00bb width_last_edited=\u00bbon|phone\u00bb max_width=\u00bb1064px\u00bb global_colors_info=\u00bb{}\u00bb][et_pb_column type=\u00bb1_2&#8243; _builder_version=\u00bb4.17.4&#8243; _module_preset=\u00bbdefault\u00bb custom_padding=\u00bb|50px|||false|false\u00bb custom_padding_tablet=\u00bb|0px|||false|false\u00bb custom_padding_phone=\u00bb|0px|||false|false\u00bb custom_padding_last_edited=\u00bbon|tablet\u00bb global_colors_info=\u00bb{}\u00bb][et_pb_image src=\u00bbhttps:\/\/casaruralensierraespadan.es\/wp-content\/uploads\/2024\/04\/1100-casa-rural-la-senora-sierra-de-espadan.jpg\u00bb title_text=\u00bb1100-casa-rural-la-se\u00f1ora-sierra-de-espadan\u00bb _builder_version=\u00bb4.25.0&#8243; _module_preset=\u00bbdefault\u00bb custom_margin=\u00bb0px||0px||false|false\u00bb custom_margin_tablet=\u00bb0px||50px||false|false\u00bb custom_margin_phone=\u00bb0px||50px||false|false\u00bb custom_margin_last_edited=\u00bbon|tablet\u00bb custom_padding=\u00bb0px||0px||false|false\u00bb animation_style=\u00bbslide\u00bb animation_direction=\u00bbtop\u00bb animation_duration=\u00bb800ms\u00bb animation_intensity_slide=\u00bb5%\u00bb global_colors_info=\u00bb{}\u00bb][\/et_pb_image][\/et_pb_column][et_pb_column type=\u00bb1_2&#8243; _builder_version=\u00bb4.17.4&#8243; _module_preset=\u00bbdefault\u00bb custom_padding=\u00bb|||50px|false|false\u00bb custom_padding_tablet=\u00bb|||0px|false|false\u00bb custom_padding_phone=\u00bb|||0px|false|false\u00bb custom_padding_last_edited=\u00bbon|tablet\u00bb animation_style=\u00bbslide\u00bb animation_direction=\u00bbtop\u00bb animation_duration=\u00bb800ms\u00bb animation_delay=\u00bb200ms\u00bb animation_intensity_slide=\u00bb5%\u00bb custom_css_main_element=\u00bbmargin:auto;\u00bb global_colors_info=\u00bb{}\u00bb][et_pb_text _builder_version=\u00bb4.25.0&#8243; _module_preset=\u00bbdefault\u00bb text_font=\u00bbNunito||||||||\u00bb text_font_size=\u00bb16px\u00bb global_colors_info=\u00bb{}\u00bb]<\/p>\n<p>La monta\u00f1a es imponente, hermosa, misteriosa, nos hace ver la magia de la naturaleza, lo ef\u00edmero e insignificante de nuestra vida, pero a la vez la grandeza de la misma. El contacto con la naturaleza, el aire puro, el silencio\u2026 Todas esas sensaciones las queremos resumir en una imagen, nos queremos llevar esa monta\u00f1a a casa. Fotograf\u00eda y senderismo casi siempre salen a pasear juntos, pues es m\u00e1s f\u00e1cil mostrar una foto que contar o revivir una experiencia de naturaleza con palabras. Estas fotograf\u00edas nos recuerdan cu\u00e1nto disfrutamos ir de ruta y sirven para tener en mente los lugares que hemos visitado. La actividad monta\u00f1era permite a menudo contemplar paisajes extraordinarios y en momentos \u00fanicos. A\u00fan quedan rincones, lugares incre\u00edbles que son recompensas visuales para el que busca la pureza de las cosas sencillas, y todas, absolutamente todas, se encuentran relacionadas con el entorno natural y los sentimientos humanos. Un libro abierto para el que quiere leer y escuchar, un ba\u00f1o de vida necesario para abstraernos de lo superficial y dimensionarnos en nuestra relaci\u00f3n con el mundo.<\/p>\n<p>[\/et_pb_text][et_pb_text _builder_version=\u00bb4.25.0&#8243; _module_preset=\u00bbdefault\u00bb text_font=\u00bbNunito||||||||\u00bb text_font_size=\u00bb20px\u00bb text_letter_spacing=\u00bb1px\u00bb link_text_color=\u00bb#202020&#8243; custom_margin=\u00bb22px||0px||false|false\u00bb custom_padding=\u00bb0px||0px||false|false\u00bb text_font_size_tablet=\u00bb18px\u00bb text_font_size_phone=\u00bb16px\u00bb text_font_size_last_edited=\u00bbon|phone\u00bb global_colors_info=\u00bb{}\u00bb]<\/p>\n<p><span style=\"text-decoration: underline\"><a href=\"https:\/\/casaruralensierraespadan.es\/index.php\/producto\/reserva-casa-rural-la-senora\/\" title=\"Reservar\">Reservar<\/a><\/span><\/p>\n<p>[\/et_pb_text][\/et_pb_column][\/et_pb_row][et_pb_row column_structure=\u00bb1_3,1_3,1_3&#8243; use_custom_gutter=\u00bbon\u00bb gutter_width=\u00bb2&#8243; make_equal=\u00bbon\u00bb _builder_version=\u00bb4.25.0&#8243; _module_preset=\u00bbdefault\u00bb width=\u00bb97%\u00bb width_tablet=\u00bb97%\u00bb width_phone=\u00bb93%\u00bb width_last_edited=\u00bbon|phone\u00bb max_width=\u00bb1064px\u00bb global_colors_info=\u00bb{}\u00bb][et_pb_column type=\u00bb1_3&#8243; _builder_version=\u00bb4.25.0&#8243; _module_preset=\u00bbdefault\u00bb global_colors_info=\u00bb{}\u00bb][et_pb_image src=\u00bbhttps:\/\/casaruralensierraespadan.es\/wp-content\/uploads\/2024\/04\/altomijares.jpg\u00bb title_text=\u00bbaltomijares\u00bb show_in_lightbox=\u00bbon\u00bb use_overlay=\u00bbon\u00bb overlay_icon_color=\u00bb#E09900&#8243; hover_overlay_color=\u00bbrgba(0,0,0,0.39)\u00bb _builder_version=\u00bb4.25.0&#8243; _module_preset=\u00bbdefault\u00bb global_colors_info=\u00bb{}\u00bb][\/et_pb_image][\/et_pb_column][et_pb_column type=\u00bb1_3&#8243; _builder_version=\u00bb4.25.0&#8243; _module_preset=\u00bbdefault\u00bb global_colors_info=\u00bb{}\u00bb][et_pb_image src=\u00bbhttps:\/\/casaruralensierraespadan.es\/wp-content\/uploads\/2024\/04\/20191006_120013_HDR.webp\u00bb title_text=\u00bb20191006_120013_HDR\u00bb show_in_lightbox=\u00bbon\u00bb use_overlay=\u00bbon\u00bb overlay_icon_color=\u00bb#E09900&#8243; hover_overlay_color=\u00bbrgba(0,0,0,0.39)\u00bb _builder_version=\u00bb4.25.0&#8243; _module_preset=\u00bbdefault\u00bb global_colors_info=\u00bb{}\u00bb][\/et_pb_image][\/et_pb_column][et_pb_column type=\u00bb1_3&#8243; _builder_version=\u00bb4.25.0&#8243; _module_preset=\u00bbdefault\u00bb global_colors_info=\u00bb{}\u00bb][et_pb_image src=\u00bbhttps:\/\/casaruralensierraespadan.es\/wp-content\/uploads\/2024\/04\/20190318_102525_HDR.webp\u00bb title_text=\u00bb20190318_102525_HDR\u00bb show_in_lightbox=\u00bbon\u00bb use_overlay=\u00bbon\u00bb overlay_icon_color=\u00bb#E09900&#8243; hover_overlay_color=\u00bbrgba(0,0,0,0.39)\u00bb _builder_version=\u00bb4.25.0&#8243; _module_preset=\u00bbdefault\u00bb global_colors_info=\u00bb{}\u00bb][\/et_pb_image][\/et_pb_column][\/et_pb_row][\/et_pb_section]<\/p>\n","protected":false},"excerpt":{"rendered":"<p>Top 10 Rutas de la Sierra Espad\u00e1nEl Parque Natural de la Sierra de Espad\u00e1n es un espacio natural protegido espa\u00f1ol situado en la provincia de Castell\u00f3n, en la Comunidad Valenciana.Las mejores 10 rutas de la Sierra Espad\u00e1n \u2013 parque natural en la Comunidad Valenciana. Es un gran lugar para los amantes de senderismo, ya que [&hellip;]<\/p>\n","protected":false},"author":1,"featured_media":23718,"comment_status":"closed","ping_status":"closed","sticky":false,"template":"","format":"standard","meta":{"_et_pb_use_builder":"on","_et_pb_old_content":"","_et_gb_content_width":"","_joinchat":[],"footnotes":""},"categories":[1],"tags":[],"class_list":["post-23715","post","type-post","status-publish","format-standard","has-post-thumbnail","hentry","category-casa-rural-la-senora"],"yoast_head":"<!-- This site is optimized with the Yoast SEO plugin v27.5 - https:\/\/yoast.com\/product\/yoast-seo-wordpress\/ -->\n<title>Parque Natural Sierra de Espad\u00e1n - CASA RURAL EN SIERRA DE ESPADAN<\/title>\n<meta name=\"robots\" content=\"index, follow, max-snippet:-1, max-image-preview:large, max-video-preview:-1\" \/>\n<link rel=\"canonical\" href=\"https:\/\/casaruralensierraespadan.es\/index.php\/2024\/04\/25\/parque-natural-sierra-de-espadan\/\" \/>\n<meta property=\"og:locale\" content=\"es_ES\" \/>\n<meta property=\"og:type\" content=\"article\" \/>\n<meta property=\"og:title\" content=\"Parque Natural Sierra de Espad\u00e1n - CASA RURAL EN SIERRA DE ESPADAN\" \/>\n<meta property=\"og:description\" content=\"Top 10 Rutas de la Sierra Espad\u00e1nEl Parque Natural de la Sierra de Espad\u00e1n es un espacio natural protegido espa\u00f1ol situado en la provincia de Castell\u00f3n, en la Comunidad Valenciana.Las mejores 10 rutas de la Sierra Espad\u00e1n \u2013 parque natural en la Comunidad Valenciana. Es un gran lugar para los amantes de senderismo, ya que [&hellip;]\" \/>\n<meta property=\"og:url\" content=\"https:\/\/casaruralensierraespadan.es\/index.php\/2024\/04\/25\/parque-natural-sierra-de-espadan\/\" \/>\n<meta property=\"og:site_name\" content=\"CASA RURAL EN SIERRA DE ESPADAN\" \/>\n<meta property=\"article:published_time\" content=\"2024-04-25T18:02:31+00:00\" \/>\n<meta property=\"article:modified_time\" content=\"2024-10-03T22:51:24+00:00\" \/>\n<meta property=\"og:image\" content=\"https:\/\/casaruralensierraespadan.es\/wp-content\/uploads\/2024\/04\/1100-casa-rural-la-senora-sierra-de-espadan.jpg\" \/>\n\t<meta property=\"og:image:width\" content=\"1920\" \/>\n\t<meta property=\"og:image:height\" content=\"1080\" \/>\n\t<meta property=\"og:image:type\" content=\"image\/jpeg\" \/>\n<meta name=\"author\" content=\"admin\" \/>\n<meta name=\"twitter:card\" content=\"summary_large_image\" \/>\n<meta name=\"twitter:label1\" content=\"Escrito por\" \/>\n\t<meta name=\"twitter:data1\" content=\"admin\" \/>\n\t<meta name=\"twitter:label2\" content=\"Tiempo de lectura\" \/>\n\t<meta name=\"twitter:data2\" content=\"4 minutos\" \/>\n<script type=\"application\/ld+json\" class=\"yoast-schema-graph\">{\"@context\":\"https:\\\/\\\/schema.org\",\"@graph\":[{\"@type\":\"Article\",\"@id\":\"https:\\\/\\\/casaruralensierraespadan.es\\\/index.php\\\/2024\\\/04\\\/25\\\/parque-natural-sierra-de-espadan\\\/#article\",\"isPartOf\":{\"@id\":\"https:\\\/\\\/casaruralensierraespadan.es\\\/index.php\\\/2024\\\/04\\\/25\\\/parque-natural-sierra-de-espadan\\\/\"},\"author\":{\"name\":\"admin\",\"@id\":\"https:\\\/\\\/casaruralensierraespadan.es\\\/#\\\/schema\\\/person\\\/7ffcb59f7382447030af77386e0f5882\"},\"headline\":\"Parque Natural Sierra de Espad\u00e1n\",\"datePublished\":\"2024-04-25T18:02:31+00:00\",\"dateModified\":\"2024-10-03T22:51:24+00:00\",\"mainEntityOfPage\":{\"@id\":\"https:\\\/\\\/casaruralensierraespadan.es\\\/index.php\\\/2024\\\/04\\\/25\\\/parque-natural-sierra-de-espadan\\\/\"},\"wordCount\":1626,\"image\":{\"@id\":\"https:\\\/\\\/casaruralensierraespadan.es\\\/index.php\\\/2024\\\/04\\\/25\\\/parque-natural-sierra-de-espadan\\\/#primaryimage\"},\"thumbnailUrl\":\"https:\\\/\\\/casaruralensierraespadan.es\\\/wp-content\\\/uploads\\\/2024\\\/04\\\/1100-casa-rural-la-senora-sierra-de-espadan.jpg\",\"articleSection\":[\"Casa Rural la Se\u00f1ora\"],\"inLanguage\":\"es\"},{\"@type\":\"WebPage\",\"@id\":\"https:\\\/\\\/casaruralensierraespadan.es\\\/index.php\\\/2024\\\/04\\\/25\\\/parque-natural-sierra-de-espadan\\\/\",\"url\":\"https:\\\/\\\/casaruralensierraespadan.es\\\/index.php\\\/2024\\\/04\\\/25\\\/parque-natural-sierra-de-espadan\\\/\",\"name\":\"Parque Natural Sierra de Espad\u00e1n - CASA RURAL EN SIERRA DE ESPADAN\",\"isPartOf\":{\"@id\":\"https:\\\/\\\/casaruralensierraespadan.es\\\/#website\"},\"primaryImageOfPage\":{\"@id\":\"https:\\\/\\\/casaruralensierraespadan.es\\\/index.php\\\/2024\\\/04\\\/25\\\/parque-natural-sierra-de-espadan\\\/#primaryimage\"},\"image\":{\"@id\":\"https:\\\/\\\/casaruralensierraespadan.es\\\/index.php\\\/2024\\\/04\\\/25\\\/parque-natural-sierra-de-espadan\\\/#primaryimage\"},\"thumbnailUrl\":\"https:\\\/\\\/casaruralensierraespadan.es\\\/wp-content\\\/uploads\\\/2024\\\/04\\\/1100-casa-rural-la-senora-sierra-de-espadan.jpg\",\"datePublished\":\"2024-04-25T18:02:31+00:00\",\"dateModified\":\"2024-10-03T22:51:24+00:00\",\"author\":{\"@id\":\"https:\\\/\\\/casaruralensierraespadan.es\\\/#\\\/schema\\\/person\\\/7ffcb59f7382447030af77386e0f5882\"},\"breadcrumb\":{\"@id\":\"https:\\\/\\\/casaruralensierraespadan.es\\\/index.php\\\/2024\\\/04\\\/25\\\/parque-natural-sierra-de-espadan\\\/#breadcrumb\"},\"inLanguage\":\"es\",\"potentialAction\":[{\"@type\":\"ReadAction\",\"target\":[\"https:\\\/\\\/casaruralensierraespadan.es\\\/index.php\\\/2024\\\/04\\\/25\\\/parque-natural-sierra-de-espadan\\\/\"]}]},{\"@type\":\"ImageObject\",\"inLanguage\":\"es\",\"@id\":\"https:\\\/\\\/casaruralensierraespadan.es\\\/index.php\\\/2024\\\/04\\\/25\\\/parque-natural-sierra-de-espadan\\\/#primaryimage\",\"url\":\"https:\\\/\\\/casaruralensierraespadan.es\\\/wp-content\\\/uploads\\\/2024\\\/04\\\/1100-casa-rural-la-senora-sierra-de-espadan.jpg\",\"contentUrl\":\"https:\\\/\\\/casaruralensierraespadan.es\\\/wp-content\\\/uploads\\\/2024\\\/04\\\/1100-casa-rural-la-senora-sierra-de-espadan.jpg\",\"width\":1920,\"height\":1080},{\"@type\":\"BreadcrumbList\",\"@id\":\"https:\\\/\\\/casaruralensierraespadan.es\\\/index.php\\\/2024\\\/04\\\/25\\\/parque-natural-sierra-de-espadan\\\/#breadcrumb\",\"itemListElement\":[{\"@type\":\"ListItem\",\"position\":1,\"name\":\"Portada\",\"item\":\"https:\\\/\\\/casaruralensierraespadan.es\\\/\"},{\"@type\":\"ListItem\",\"position\":2,\"name\":\"Parque Natural Sierra de Espad\u00e1n\"}]},{\"@type\":\"WebSite\",\"@id\":\"https:\\\/\\\/casaruralensierraespadan.es\\\/#website\",\"url\":\"https:\\\/\\\/casaruralensierraespadan.es\\\/\",\"name\":\"CASA RURAL EN SIERRA DE ESPADAN\",\"description\":\"La Se\u00f1ora, excepcional casa a pie de monta\u00f1a  Un alojamiento acogedor, donde disfrutar\u00e1s de todas las comodidades durante tu escapada rural en Sierra de Espadan, Castell\u00f3n, con una amplia gama de posibilidades para atender todas tus necesidades\u2026 \u00abLa naturaleza ser\u00e1 tu compa\u00f1era durante tu estancia, aprovecha cada momento libre para sumergirte entre las monta\u00f1as, explorar sus bosques, senderos y maravillarte con su vegetaci\u00f3n, flora y fauna. Vive las sensaciones que te brinda en cada estaci\u00f3n del a\u00f1o, dej\u00e1ndote envolver por su magia.\u00bb  En Casa Rural La Se\u00f1ora\",\"potentialAction\":[{\"@type\":\"SearchAction\",\"target\":{\"@type\":\"EntryPoint\",\"urlTemplate\":\"https:\\\/\\\/casaruralensierraespadan.es\\\/?s={search_term_string}\"},\"query-input\":{\"@type\":\"PropertyValueSpecification\",\"valueRequired\":true,\"valueName\":\"search_term_string\"}}],\"inLanguage\":\"es\"},{\"@type\":\"Person\",\"@id\":\"https:\\\/\\\/casaruralensierraespadan.es\\\/#\\\/schema\\\/person\\\/7ffcb59f7382447030af77386e0f5882\",\"name\":\"admin\",\"image\":{\"@type\":\"ImageObject\",\"inLanguage\":\"es\",\"@id\":\"https:\\\/\\\/casaruralensierraespadan.es\\\/wp-content\\\/litespeed\\\/avatar\\\/5d504734525443ac8efa9e4d2ab0fcba.jpg?ver=1777536903\",\"url\":\"https:\\\/\\\/casaruralensierraespadan.es\\\/wp-content\\\/litespeed\\\/avatar\\\/5d504734525443ac8efa9e4d2ab0fcba.jpg?ver=1777536903\",\"contentUrl\":\"https:\\\/\\\/casaruralensierraespadan.es\\\/wp-content\\\/litespeed\\\/avatar\\\/5d504734525443ac8efa9e4d2ab0fcba.jpg?ver=1777536903\",\"caption\":\"admin\"},\"sameAs\":[\"https:\\\/\\\/casaruralensierraespadan.es\"],\"url\":\"https:\\\/\\\/casaruralensierraespadan.es\\\/index.php\\\/author\\\/digitaal36o\\\/\"}]}<\/script>\n<!-- \/ Yoast SEO plugin. -->","yoast_head_json":{"title":"Parque Natural Sierra de Espad\u00e1n - CASA RURAL EN SIERRA DE ESPADAN","robots":{"index":"index","follow":"follow","max-snippet":"max-snippet:-1","max-image-preview":"max-image-preview:large","max-video-preview":"max-video-preview:-1"},"canonical":"https:\/\/casaruralensierraespadan.es\/index.php\/2024\/04\/25\/parque-natural-sierra-de-espadan\/","og_locale":"es_ES","og_type":"article","og_title":"Parque Natural Sierra de Espad\u00e1n - CASA RURAL EN SIERRA DE ESPADAN","og_description":"Top 10 Rutas de la Sierra Espad\u00e1nEl Parque Natural de la Sierra de Espad\u00e1n es un espacio natural protegido espa\u00f1ol situado en la provincia de Castell\u00f3n, en la Comunidad Valenciana.Las mejores 10 rutas de la Sierra Espad\u00e1n \u2013 parque natural en la Comunidad Valenciana. Es un gran lugar para los amantes de senderismo, ya que [&hellip;]","og_url":"https:\/\/casaruralensierraespadan.es\/index.php\/2024\/04\/25\/parque-natural-sierra-de-espadan\/","og_site_name":"CASA RURAL EN SIERRA DE ESPADAN","article_published_time":"2024-04-25T18:02:31+00:00","article_modified_time":"2024-10-03T22:51:24+00:00","og_image":[{"width":1920,"height":1080,"url":"https:\/\/casaruralensierraespadan.es\/wp-content\/uploads\/2024\/04\/1100-casa-rural-la-senora-sierra-de-espadan.jpg","type":"image\/jpeg"}],"author":"admin","twitter_card":"summary_large_image","twitter_misc":{"Escrito por":"admin","Tiempo de lectura":"4 minutos"},"schema":{"@context":"https:\/\/schema.org","@graph":[{"@type":"Article","@id":"https:\/\/casaruralensierraespadan.es\/index.php\/2024\/04\/25\/parque-natural-sierra-de-espadan\/#article","isPartOf":{"@id":"https:\/\/casaruralensierraespadan.es\/index.php\/2024\/04\/25\/parque-natural-sierra-de-espadan\/"},"author":{"name":"admin","@id":"https:\/\/casaruralensierraespadan.es\/#\/schema\/person\/7ffcb59f7382447030af77386e0f5882"},"headline":"Parque Natural Sierra de Espad\u00e1n","datePublished":"2024-04-25T18:02:31+00:00","dateModified":"2024-10-03T22:51:24+00:00","mainEntityOfPage":{"@id":"https:\/\/casaruralensierraespadan.es\/index.php\/2024\/04\/25\/parque-natural-sierra-de-espadan\/"},"wordCount":1626,"image":{"@id":"https:\/\/casaruralensierraespadan.es\/index.php\/2024\/04\/25\/parque-natural-sierra-de-espadan\/#primaryimage"},"thumbnailUrl":"https:\/\/casaruralensierraespadan.es\/wp-content\/uploads\/2024\/04\/1100-casa-rural-la-senora-sierra-de-espadan.jpg","articleSection":["Casa Rural la Se\u00f1ora"],"inLanguage":"es"},{"@type":"WebPage","@id":"https:\/\/casaruralensierraespadan.es\/index.php\/2024\/04\/25\/parque-natural-sierra-de-espadan\/","url":"https:\/\/casaruralensierraespadan.es\/index.php\/2024\/04\/25\/parque-natural-sierra-de-espadan\/","name":"Parque Natural Sierra de Espad\u00e1n - CASA RURAL EN SIERRA DE ESPADAN","isPartOf":{"@id":"https:\/\/casaruralensierraespadan.es\/#website"},"primaryImageOfPage":{"@id":"https:\/\/casaruralensierraespadan.es\/index.php\/2024\/04\/25\/parque-natural-sierra-de-espadan\/#primaryimage"},"image":{"@id":"https:\/\/casaruralensierraespadan.es\/index.php\/2024\/04\/25\/parque-natural-sierra-de-espadan\/#primaryimage"},"thumbnailUrl":"https:\/\/casaruralensierraespadan.es\/wp-content\/uploads\/2024\/04\/1100-casa-rural-la-senora-sierra-de-espadan.jpg","datePublished":"2024-04-25T18:02:31+00:00","dateModified":"2024-10-03T22:51:24+00:00","author":{"@id":"https:\/\/casaruralensierraespadan.es\/#\/schema\/person\/7ffcb59f7382447030af77386e0f5882"},"breadcrumb":{"@id":"https:\/\/casaruralensierraespadan.es\/index.php\/2024\/04\/25\/parque-natural-sierra-de-espadan\/#breadcrumb"},"inLanguage":"es","potentialAction":[{"@type":"ReadAction","target":["https:\/\/casaruralensierraespadan.es\/index.php\/2024\/04\/25\/parque-natural-sierra-de-espadan\/"]}]},{"@type":"ImageObject","inLanguage":"es","@id":"https:\/\/casaruralensierraespadan.es\/index.php\/2024\/04\/25\/parque-natural-sierra-de-espadan\/#primaryimage","url":"https:\/\/casaruralensierraespadan.es\/wp-content\/uploads\/2024\/04\/1100-casa-rural-la-senora-sierra-de-espadan.jpg","contentUrl":"https:\/\/casaruralensierraespadan.es\/wp-content\/uploads\/2024\/04\/1100-casa-rural-la-senora-sierra-de-espadan.jpg","width":1920,"height":1080},{"@type":"BreadcrumbList","@id":"https:\/\/casaruralensierraespadan.es\/index.php\/2024\/04\/25\/parque-natural-sierra-de-espadan\/#breadcrumb","itemListElement":[{"@type":"ListItem","position":1,"name":"Portada","item":"https:\/\/casaruralensierraespadan.es\/"},{"@type":"ListItem","position":2,"name":"Parque Natural Sierra de Espad\u00e1n"}]},{"@type":"WebSite","@id":"https:\/\/casaruralensierraespadan.es\/#website","url":"https:\/\/casaruralensierraespadan.es\/","name":"CASA RURAL EN SIERRA DE ESPADAN","description":"La Se\u00f1ora, excepcional casa a pie de monta\u00f1a  Un alojamiento acogedor, donde disfrutar\u00e1s de todas las comodidades durante tu escapada rural en Sierra de Espadan, Castell\u00f3n, con una amplia gama de posibilidades para atender todas tus necesidades\u2026 \u00abLa naturaleza ser\u00e1 tu compa\u00f1era durante tu estancia, aprovecha cada momento libre para sumergirte entre las monta\u00f1as, explorar sus bosques, senderos y maravillarte con su vegetaci\u00f3n, flora y fauna. Vive las sensaciones que te brinda en cada estaci\u00f3n del a\u00f1o, dej\u00e1ndote envolver por su magia.\u00bb  En Casa Rural La Se\u00f1ora","potentialAction":[{"@type":"SearchAction","target":{"@type":"EntryPoint","urlTemplate":"https:\/\/casaruralensierraespadan.es\/?s={search_term_string}"},"query-input":{"@type":"PropertyValueSpecification","valueRequired":true,"valueName":"search_term_string"}}],"inLanguage":"es"},{"@type":"Person","@id":"https:\/\/casaruralensierraespadan.es\/#\/schema\/person\/7ffcb59f7382447030af77386e0f5882","name":"admin","image":{"@type":"ImageObject","inLanguage":"es","@id":"https:\/\/casaruralensierraespadan.es\/wp-content\/litespeed\/avatar\/5d504734525443ac8efa9e4d2ab0fcba.jpg?ver=1777536903","url":"https:\/\/casaruralensierraespadan.es\/wp-content\/litespeed\/avatar\/5d504734525443ac8efa9e4d2ab0fcba.jpg?ver=1777536903","contentUrl":"https:\/\/casaruralensierraespadan.es\/wp-content\/litespeed\/avatar\/5d504734525443ac8efa9e4d2ab0fcba.jpg?ver=1777536903","caption":"admin"},"sameAs":["https:\/\/casaruralensierraespadan.es"],"url":"https:\/\/casaruralensierraespadan.es\/index.php\/author\/digitaal36o\/"}]}},"_links":{"self":[{"href":"https:\/\/casaruralensierraespadan.es\/index.php\/wp-json\/wp\/v2\/posts\/23715","targetHints":{"allow":["GET"]}}],"collection":[{"href":"https:\/\/casaruralensierraespadan.es\/index.php\/wp-json\/wp\/v2\/posts"}],"about":[{"href":"https:\/\/casaruralensierraespadan.es\/index.php\/wp-json\/wp\/v2\/types\/post"}],"author":[{"embeddable":true,"href":"https:\/\/casaruralensierraespadan.es\/index.php\/wp-json\/wp\/v2\/users\/1"}],"replies":[{"embeddable":true,"href":"https:\/\/casaruralensierraespadan.es\/index.php\/wp-json\/wp\/v2\/comments?post=23715"}],"version-history":[{"count":0,"href":"https:\/\/casaruralensierraespadan.es\/index.php\/wp-json\/wp\/v2\/posts\/23715\/revisions"}],"wp:featuredmedia":[{"embeddable":true,"href":"https:\/\/casaruralensierraespadan.es\/index.php\/wp-json\/wp\/v2\/media\/23718"}],"wp:attachment":[{"href":"https:\/\/casaruralensierraespadan.es\/index.php\/wp-json\/wp\/v2\/media?parent=23715"}],"wp:term":[{"taxonomy":"category","embeddable":true,"href":"https:\/\/casaruralensierraespadan.es\/index.php\/wp-json\/wp\/v2\/categories?post=23715"},{"taxonomy":"post_tag","embeddable":true,"href":"https:\/\/casaruralensierraespadan.es\/index.php\/wp-json\/wp\/v2\/tags?post=23715"}],"curies":[{"name":"wp","href":"https:\/\/api.w.org\/{rel}","templated":true}]}}